{"id":1076,"date":"2023-02-25T15:44:02","date_gmt":"2023-02-25T14:44:02","guid":{"rendered":"https:\/\/bednarmilan.cz\/?p=1076"},"modified":"2023-02-25T15:49:23","modified_gmt":"2023-02-25T14:49:23","slug":"odhad-dopadu-jadro","status":"publish","type":"post","link":"http:\/\/bednarmilan.cz\/en\/2023\/02\/25\/odhad-dopadu-jadro\/","title":{"rendered":"New Expert Study: Qualified Estimate of the Impact of the Construction of New Nuclear Units at Dukovany and Temel\u00edn by the Czech Industry (Czech Language)"},"content":{"rendered":"<p class=\"has-medium-font-size\"><strong>More information (Czech language): <\/strong><a href=\"https:\/\/nf.vse.cz\/aktuality\/tiskova-konference-budoucnost-jaderne-energetiky-v-cr-vystavba-noveho-bloku-nebo-novych-bloku-v-jadernych-elektrarnach-ceskym-prumyslem\" target=\"_blank\" rel=\"noreferrer noopener\"><strong>https:\/\/nf.vse.cz\/aktuality\/tiskova-konference-budoucnost-jaderne-energetiky-v-cr-vystavba-noveho-bloku-nebo-novych-bloku-v-jadernych-elektrarnach-ceskym-prumyslem<\/strong><\/a><\/p>\n\n\n\n<p><\/p>","protected":false},"excerpt":{"rendered":"<p>More information (Czech language): https:\/\/nf.vse.cz\/aktuality\/tiskova-konference-budoucnost-jaderne-energetiky-v-cr-vystavba-noveho-bloku-nebo-novych-bloku-v-jadernych-elektrarnach-ceskym-prumyslem<\/p>","protected":false},"author":1,"featured_media":1077,"comment_status":"closed","ping_status":"closed","sticky":false,"template":"","format":"standard","meta":{"_exactmetrics_skip_tracking":false,"_exactmetrics_sitenote_active":false,"_exactmetrics_sitenote_note":"","_exactmetrics_sitenote_category":0,"footnotes":""},"categories":[29],"tags":[],"class_list":["post-1076","post","type-post","status-publish","format-standard","has-post-thumbnail","hentry","category-nezarazene-en"],"acf":[],"yoast_head":"<!-- This site is optimized with the Yoast SEO plugin v27.5 - https:\/\/yoast.com\/product\/yoast-seo-wordpress\/ -->\n<title>Nov\u00e1 studie: Kvalifikovan\u00fd odhad dopad\u016f v\u00fdstavby nov\u00fdch jadern\u00fdch blok\u016f elektr\u00e1ren Dukovany a Temel\u00edn \u010desk\u00fdm pr\u016fmyslem - doc. Ing. Milan Bedn\u00e1\u0159, Ph.D.<\/title>\n<meta name=\"robots\" content=\"index, follow, max-snippet:-1, max-image-preview:large, max-video-preview:-1\" \/>\n<link rel=\"canonical\" href=\"https:\/\/bednarmilan.cz\/en\/2023\/02\/25\/odhad-dopadu-jadro\/\" \/>\n<meta property=\"og:locale\" content=\"en_GB\" \/>\n<meta property=\"og:type\" content=\"article\" \/>\n<meta property=\"og:title\" content=\"Nov\u00e1 studie: Kvalifikovan\u00fd odhad dopad\u016f v\u00fdstavby nov\u00fdch jadern\u00fdch blok\u016f elektr\u00e1ren Dukovany a Temel\u00edn \u010desk\u00fdm pr\u016fmyslem - doc. Ing. Milan Bedn\u00e1\u0159, Ph.D.\" \/>\n<meta property=\"og:description\" content=\"V\u00edce informac\u00ed je dostupn\u00fdch zde: https:\/\/nf.vse.cz\/aktuality\/tiskova-konference-budoucnost-jaderne-energetiky-v-cr-vystavba-noveho-bloku-nebo-novych-bloku-v-jadernych-elektrarnach-ceskym-prumyslem\" \/>\n<meta property=\"og:url\" content=\"https:\/\/bednarmilan.cz\/en\/2023\/02\/25\/odhad-dopadu-jadro\/\" \/>\n<meta property=\"og:site_name\" content=\"doc. Ing. Milan Bedn\u00e1\u0159, Ph.D.\" \/>\n<meta property=\"article:published_time\" content=\"2023-02-25T14:44:02+00:00\" \/>\n<meta property=\"article:modified_time\" content=\"2023-02-25T14:49:23+00:00\" \/>\n<meta property=\"og:image\" content=\"https:\/\/bednarmilan.cz\/wp-content\/uploads\/2023\/02\/nuclear.jpg\" \/>\n\t<meta property=\"og:image:width\" content=\"640\" \/>\n\t<meta property=\"og:image:height\" content=\"428\" \/>\n\t<meta property=\"og:image:type\" content=\"image\/jpeg\" \/>\n<meta name=\"author\" content=\"Milan Bedn\u00e1\u0159\" \/>\n<meta name=\"twitter:card\" content=\"summary_large_image\" \/>\n<meta name=\"twitter:label1\" content=\"Written by\" \/>\n\t<meta name=\"twitter:data1\" content=\"Milan Bedn\u00e1\u0159\" \/>\n\t<meta name=\"twitter:label2\" content=\"Estimated reading time\" \/>\n\t<meta name=\"twitter:data2\" content=\"1 minute\" \/>\n<script type=\"application\/ld+json\" class=\"yoast-schema-graph\">{\"@context\":\"https:\\\/\\\/schema.org\",\"@graph\":[{\"@type\":\"Article\",\"@id\":\"https:\\\/\\\/bednarmilan.cz\\\/2023\\\/02\\\/25\\\/odhad-dopadu-jadro\\\/#article\",\"isPartOf\":{\"@id\":\"https:\\\/\\\/bednarmilan.cz\\\/2023\\\/02\\\/25\\\/odhad-dopadu-jadro\\\/\"},\"author\":{\"name\":\"Milan Bedn\u00e1\u0159\",\"@id\":\"https:\\\/\\\/bednarmilan.cz\\\/en\\\/#\\\/schema\\\/person\\\/4414fdceba4a6e05157f1e84a6ef0630\"},\"headline\":\"Nov\u00e1 studie: Kvalifikovan\u00fd odhad dopad\u016f v\u00fdstavby nov\u00fdch jadern\u00fdch blok\u016f elektr\u00e1ren Dukovany a Temel\u00edn \u010desk\u00fdm pr\u016fmyslem\",\"datePublished\":\"2023-02-25T14:44:02+00:00\",\"dateModified\":\"2023-02-25T14:49:23+00:00\",\"mainEntityOfPage\":{\"@id\":\"https:\\\/\\\/bednarmilan.cz\\\/2023\\\/02\\\/25\\\/odhad-dopadu-jadro\\\/\"},\"wordCount\":35,\"publisher\":{\"@id\":\"https:\\\/\\\/bednarmilan.cz\\\/en\\\/#\\\/schema\\\/person\\\/4414fdceba4a6e05157f1e84a6ef0630\"},\"image\":{\"@id\":\"https:\\\/\\\/bednarmilan.cz\\\/2023\\\/02\\\/25\\\/odhad-dopadu-jadro\\\/#primaryimage\"},\"thumbnailUrl\":\"https:\\\/\\\/bednarmilan.cz\\\/wp-content\\\/uploads\\\/2023\\\/02\\\/nuclear.jpg\",\"articleSection\":[\"Neza\u0159azen\u00e9\"],\"inLanguage\":\"en-GB\"},{\"@type\":\"WebPage\",\"@id\":\"https:\\\/\\\/bednarmilan.cz\\\/2023\\\/02\\\/25\\\/odhad-dopadu-jadro\\\/\",\"url\":\"https:\\\/\\\/bednarmilan.cz\\\/2023\\\/02\\\/25\\\/odhad-dopadu-jadro\\\/\",\"name\":\"Nov\u00e1 studie: Kvalifikovan\u00fd odhad dopad\u016f v\u00fdstavby nov\u00fdch jadern\u00fdch blok\u016f elektr\u00e1ren Dukovany a Temel\u00edn \u010desk\u00fdm pr\u016fmyslem - doc. Ing. Milan Bedn\u00e1\u0159, Ph.D.\",\"isPartOf\":{\"@id\":\"https:\\\/\\\/bednarmilan.cz\\\/en\\\/#website\"},\"primaryImageOfPage\":{\"@id\":\"https:\\\/\\\/bednarmilan.cz\\\/2023\\\/02\\\/25\\\/odhad-dopadu-jadro\\\/#primaryimage\"},\"image\":{\"@id\":\"https:\\\/\\\/bednarmilan.cz\\\/2023\\\/02\\\/25\\\/odhad-dopadu-jadro\\\/#primaryimage\"},\"thumbnailUrl\":\"https:\\\/\\\/bednarmilan.cz\\\/wp-content\\\/uploads\\\/2023\\\/02\\\/nuclear.jpg\",\"datePublished\":\"2023-02-25T14:44:02+00:00\",\"dateModified\":\"2023-02-25T14:49:23+00:00\",\"breadcrumb\":{\"@id\":\"https:\\\/\\\/bednarmilan.cz\\\/2023\\\/02\\\/25\\\/odhad-dopadu-jadro\\\/#breadcrumb\"},\"inLanguage\":\"en-GB\",\"potentialAction\":[{\"@type\":\"ReadAction\",\"target\":[\"https:\\\/\\\/bednarmilan.cz\\\/2023\\\/02\\\/25\\\/odhad-dopadu-jadro\\\/\"]}]},{\"@type\":\"ImageObject\",\"inLanguage\":\"en-GB\",\"@id\":\"https:\\\/\\\/bednarmilan.cz\\\/2023\\\/02\\\/25\\\/odhad-dopadu-jadro\\\/#primaryimage\",\"url\":\"https:\\\/\\\/bednarmilan.cz\\\/wp-content\\\/uploads\\\/2023\\\/02\\\/nuclear.jpg\",\"contentUrl\":\"https:\\\/\\\/bednarmilan.cz\\\/wp-content\\\/uploads\\\/2023\\\/02\\\/nuclear.jpg\",\"width\":640,\"height\":428},{\"@type\":\"BreadcrumbList\",\"@id\":\"https:\\\/\\\/bednarmilan.cz\\\/2023\\\/02\\\/25\\\/odhad-dopadu-jadro\\\/#breadcrumb\",\"itemListElement\":[{\"@type\":\"ListItem\",\"position\":1,\"name\":\"Dom\u016f\",\"item\":\"https:\\\/\\\/bednarmilan.cz\\\/\"},{\"@type\":\"ListItem\",\"position\":2,\"name\":\"Nov\u00e1 studie: Kvalifikovan\u00fd odhad dopad\u016f v\u00fdstavby nov\u00fdch jadern\u00fdch blok\u016f elektr\u00e1ren Dukovany a Temel\u00edn \u010desk\u00fdm pr\u016fmyslem\"}]},{\"@type\":\"WebSite\",\"@id\":\"https:\\\/\\\/bednarmilan.cz\\\/en\\\/#website\",\"url\":\"https:\\\/\\\/bednarmilan.cz\\\/en\\\/\",\"name\":\"doc. Ing. Milan Bedn\u00e1\u0159, Ph.D.\",\"description\":\"\",\"publisher\":{\"@id\":\"https:\\\/\\\/bednarmilan.cz\\\/en\\\/#\\\/schema\\\/person\\\/4414fdceba4a6e05157f1e84a6ef0630\"},\"potentialAction\":[{\"@type\":\"SearchAction\",\"target\":{\"@type\":\"EntryPoint\",\"urlTemplate\":\"https:\\\/\\\/bednarmilan.cz\\\/en\\\/?s={search_term_string}\"},\"query-input\":{\"@type\":\"PropertyValueSpecification\",\"valueRequired\":true,\"valueName\":\"search_term_string\"}}],\"inLanguage\":\"en-GB\"},{\"@type\":[\"Person\",\"Organization\"],\"@id\":\"https:\\\/\\\/bednarmilan.cz\\\/en\\\/#\\\/schema\\\/person\\\/4414fdceba4a6e05157f1e84a6ef0630\",\"name\":\"Milan Bedn\u00e1\u0159\",\"image\":{\"@type\":\"ImageObject\",\"inLanguage\":\"en-GB\",\"@id\":\"https:\\\/\\\/secure.gravatar.com\\\/avatar\\\/91880e7158b9968ad752b25fd2f3d85691559794a2b5077307de658ed6ac26fe?s=96&d=mm&r=g\",\"url\":\"https:\\\/\\\/secure.gravatar.com\\\/avatar\\\/91880e7158b9968ad752b25fd2f3d85691559794a2b5077307de658ed6ac26fe?s=96&d=mm&r=g\",\"contentUrl\":\"https:\\\/\\\/secure.gravatar.com\\\/avatar\\\/91880e7158b9968ad752b25fd2f3d85691559794a2b5077307de658ed6ac26fe?s=96&d=mm&r=g\",\"caption\":\"Milan Bedn\u00e1\u0159\"},\"logo\":{\"@id\":\"https:\\\/\\\/secure.gravatar.com\\\/avatar\\\/91880e7158b9968ad752b25fd2f3d85691559794a2b5077307de658ed6ac26fe?s=96&d=mm&r=g\"}}]}<\/script>\n<!-- \/ Yoast SEO plugin. -->","yoast_head_json":{"title":"Nov\u00e1 studie: Kvalifikovan\u00fd odhad dopad\u016f v\u00fdstavby nov\u00fdch jadern\u00fdch blok\u016f elektr\u00e1ren Dukovany a Temel\u00edn \u010desk\u00fdm pr\u016fmyslem - doc. Ing. Milan Bedn\u00e1\u0159, Ph.D.","robots":{"index":"index","follow":"follow","max-snippet":"max-snippet:-1","max-image-preview":"max-image-preview:large","max-video-preview":"max-video-preview:-1"},"canonical":"https:\/\/bednarmilan.cz\/en\/2023\/02\/25\/odhad-dopadu-jadro\/","og_locale":"en_GB","og_type":"article","og_title":"Nov\u00e1 studie: Kvalifikovan\u00fd odhad dopad\u016f v\u00fdstavby nov\u00fdch jadern\u00fdch blok\u016f elektr\u00e1ren Dukovany a Temel\u00edn \u010desk\u00fdm pr\u016fmyslem - doc. Ing. Milan Bedn\u00e1\u0159, Ph.D.","og_description":"V\u00edce informac\u00ed je dostupn\u00fdch zde: https:\/\/nf.vse.cz\/aktuality\/tiskova-konference-budoucnost-jaderne-energetiky-v-cr-vystavba-noveho-bloku-nebo-novych-bloku-v-jadernych-elektrarnach-ceskym-prumyslem","og_url":"https:\/\/bednarmilan.cz\/en\/2023\/02\/25\/odhad-dopadu-jadro\/","og_site_name":"doc. Ing. Milan Bedn\u00e1\u0159, Ph.D.","article_published_time":"2023-02-25T14:44:02+00:00","article_modified_time":"2023-02-25T14:49:23+00:00","og_image":[{"width":640,"height":428,"url":"https:\/\/bednarmilan.cz\/wp-content\/uploads\/2023\/02\/nuclear.jpg","type":"image\/jpeg"}],"author":"Milan Bedn\u00e1\u0159","twitter_card":"summary_large_image","twitter_misc":{"Written by":"Milan Bedn\u00e1\u0159","Estimated reading time":"1 minute"},"schema":{"@context":"https:\/\/schema.org","@graph":[{"@type":"Article","@id":"https:\/\/bednarmilan.cz\/2023\/02\/25\/odhad-dopadu-jadro\/#article","isPartOf":{"@id":"https:\/\/bednarmilan.cz\/2023\/02\/25\/odhad-dopadu-jadro\/"},"author":{"name":"Milan Bedn\u00e1\u0159","@id":"https:\/\/bednarmilan.cz\/en\/#\/schema\/person\/4414fdceba4a6e05157f1e84a6ef0630"},"headline":"Nov\u00e1 studie: Kvalifikovan\u00fd odhad dopad\u016f v\u00fdstavby nov\u00fdch jadern\u00fdch blok\u016f elektr\u00e1ren Dukovany a Temel\u00edn \u010desk\u00fdm pr\u016fmyslem","datePublished":"2023-02-25T14:44:02+00:00","dateModified":"2023-02-25T14:49:23+00:00","mainEntityOfPage":{"@id":"https:\/\/bednarmilan.cz\/2023\/02\/25\/odhad-dopadu-jadro\/"},"wordCount":35,"publisher":{"@id":"https:\/\/bednarmilan.cz\/en\/#\/schema\/person\/4414fdceba4a6e05157f1e84a6ef0630"},"image":{"@id":"https:\/\/bednarmilan.cz\/2023\/02\/25\/odhad-dopadu-jadro\/#primaryimage"},"thumbnailUrl":"https:\/\/bednarmilan.cz\/wp-content\/uploads\/2023\/02\/nuclear.jpg","articleSection":["Neza\u0159azen\u00e9"],"inLanguage":"en-GB"},{"@type":"WebPage","@id":"https:\/\/bednarmilan.cz\/2023\/02\/25\/odhad-dopadu-jadro\/","url":"https:\/\/bednarmilan.cz\/2023\/02\/25\/odhad-dopadu-jadro\/","name":"Nov\u00e1 studie: Kvalifikovan\u00fd odhad dopad\u016f v\u00fdstavby nov\u00fdch jadern\u00fdch blok\u016f elektr\u00e1ren Dukovany a Temel\u00edn \u010desk\u00fdm pr\u016fmyslem - doc. Ing. Milan Bedn\u00e1\u0159, Ph.D.","isPartOf":{"@id":"https:\/\/bednarmilan.cz\/en\/#website"},"primaryImageOfPage":{"@id":"https:\/\/bednarmilan.cz\/2023\/02\/25\/odhad-dopadu-jadro\/#primaryimage"},"image":{"@id":"https:\/\/bednarmilan.cz\/2023\/02\/25\/odhad-dopadu-jadro\/#primaryimage"},"thumbnailUrl":"https:\/\/bednarmilan.cz\/wp-content\/uploads\/2023\/02\/nuclear.jpg","datePublished":"2023-02-25T14:44:02+00:00","dateModified":"2023-02-25T14:49:23+00:00","breadcrumb":{"@id":"https:\/\/bednarmilan.cz\/2023\/02\/25\/odhad-dopadu-jadro\/#breadcrumb"},"inLanguage":"en-GB","potentialAction":[{"@type":"ReadAction","target":["https:\/\/bednarmilan.cz\/2023\/02\/25\/odhad-dopadu-jadro\/"]}]},{"@type":"ImageObject","inLanguage":"en-GB","@id":"https:\/\/bednarmilan.cz\/2023\/02\/25\/odhad-dopadu-jadro\/#primaryimage","url":"https:\/\/bednarmilan.cz\/wp-content\/uploads\/2023\/02\/nuclear.jpg","contentUrl":"https:\/\/bednarmilan.cz\/wp-content\/uploads\/2023\/02\/nuclear.jpg","width":640,"height":428},{"@type":"BreadcrumbList","@id":"https:\/\/bednarmilan.cz\/2023\/02\/25\/odhad-dopadu-jadro\/#breadcrumb","itemListElement":[{"@type":"ListItem","position":1,"name":"Dom\u016f","item":"https:\/\/bednarmilan.cz\/"},{"@type":"ListItem","position":2,"name":"Nov\u00e1 studie: Kvalifikovan\u00fd odhad dopad\u016f v\u00fdstavby nov\u00fdch jadern\u00fdch blok\u016f elektr\u00e1ren Dukovany a Temel\u00edn \u010desk\u00fdm pr\u016fmyslem"}]},{"@type":"WebSite","@id":"https:\/\/bednarmilan.cz\/en\/#website","url":"https:\/\/bednarmilan.cz\/en\/","name":"doc. Ing. Milan Bedn\u00e1\u0159, Ph.D.","description":"","publisher":{"@id":"https:\/\/bednarmilan.cz\/en\/#\/schema\/person\/4414fdceba4a6e05157f1e84a6ef0630"},"potentialAction":[{"@type":"SearchAction","target":{"@type":"EntryPoint","urlTemplate":"https:\/\/bednarmilan.cz\/en\/?s={search_term_string}"},"query-input":{"@type":"PropertyValueSpecification","valueRequired":true,"valueName":"search_term_string"}}],"inLanguage":"en-GB"},{"@type":["Person","Organization"],"@id":"https:\/\/bednarmilan.cz\/en\/#\/schema\/person\/4414fdceba4a6e05157f1e84a6ef0630","name":"Milan Bedn\u00e1\u0159","image":{"@type":"ImageObject","inLanguage":"en-GB","@id":"https:\/\/secure.gravatar.com\/avatar\/91880e7158b9968ad752b25fd2f3d85691559794a2b5077307de658ed6ac26fe?s=96&d=mm&r=g","url":"https:\/\/secure.gravatar.com\/avatar\/91880e7158b9968ad752b25fd2f3d85691559794a2b5077307de658ed6ac26fe?s=96&d=mm&r=g","contentUrl":"https:\/\/secure.gravatar.com\/avatar\/91880e7158b9968ad752b25fd2f3d85691559794a2b5077307de658ed6ac26fe?s=96&d=mm&r=g","caption":"Milan Bedn\u00e1\u0159"},"logo":{"@id":"https:\/\/secure.gravatar.com\/avatar\/91880e7158b9968ad752b25fd2f3d85691559794a2b5077307de658ed6ac26fe?s=96&d=mm&r=g"}}]}},"_links":{"self":[{"href":"http:\/\/bednarmilan.cz\/en\/wp-json\/wp\/v2\/posts\/1076","targetHints":{"allow":["GET"]}}],"collection":[{"href":"http:\/\/bednarmilan.cz\/en\/wp-json\/wp\/v2\/posts"}],"about":[{"href":"http:\/\/bednarmilan.cz\/en\/wp-json\/wp\/v2\/types\/post"}],"author":[{"embeddable":true,"href":"http:\/\/bednarmilan.cz\/en\/wp-json\/wp\/v2\/users\/1"}],"replies":[{"embeddable":true,"href":"http:\/\/bednarmilan.cz\/en\/wp-json\/wp\/v2\/comments?post=1076"}],"version-history":[{"count":2,"href":"http:\/\/bednarmilan.cz\/en\/wp-json\/wp\/v2\/posts\/1076\/revisions"}],"predecessor-version":[{"id":1079,"href":"http:\/\/bednarmilan.cz\/en\/wp-json\/wp\/v2\/posts\/1076\/revisions\/1079"}],"wp:featuredmedia":[{"embeddable":true,"href":"http:\/\/bednarmilan.cz\/en\/wp-json\/wp\/v2\/media\/1077"}],"wp:attachment":[{"href":"http:\/\/bednarmilan.cz\/en\/wp-json\/wp\/v2\/media?parent=1076"}],"wp:term":[{"taxonomy":"category","embeddable":true,"href":"http:\/\/bednarmilan.cz\/en\/wp-json\/wp\/v2\/categories?post=1076"},{"taxonomy":"post_tag","embeddable":true,"href":"http:\/\/bednarmilan.cz\/en\/wp-json\/wp\/v2\/tags?post=1076"}],"curies":[{"name":"wp","href":"https:\/\/api.w.org\/{rel}","templated":true}]}}