{"id":510,"date":"2019-07-12T00:29:52","date_gmt":"2019-07-11T22:29:52","guid":{"rendered":"https:\/\/bednarmilan.cz\/?p=510"},"modified":"2024-07-09T10:26:00","modified_gmt":"2024-07-09T08:26:00","slug":"the-european-integration-process","status":"publish","type":"post","link":"http:\/\/bednarmilan.cz\/en\/2019\/07\/12\/the-european-integration-process\/","title":{"rendered":"Issues of the European Integration Process"},"content":{"rendered":"<p>Original text:<\/p>\n\n\n\n<p><strong>The European Integration process has brought us many benefits.<\/strong> It helped us to develop social and economic ties across most of the European continent. It helped us to create opportunities. It helped us to travel more freely. And many other things.<\/p>\n\n\n\n<p><strong>However, the\nintegration process, which is today called the European Union (or the EU),<\/strong> is not what it used to be in the\npast. Since its beginnings in the 1950s, the process has significantly evolved.\nIt used to be a peace project which was very successful in the era after the\nSecond World War, also because of its economic underpinnings. The common budget\nof European Economic Community (which was the name of the project at that time)\nused to be financed exclusively by direct financial contributions from the\nmember states. At the same time, many areas were kept to be a strictly national\nmatter. <\/p>\n\n\n\n<p><strong>The situation now is\ndrastically different<\/strong>,\nthe EU bureaucrats have taken the opportunity to make an excessive number of\nregulations and have radically expanded the areas in which the EU is\nparticipating or governing I should say. <\/p>\n\n\n\n<p><strong>Therefore, I argue that\nmore integration is not better, in this case. I will dedicate most of my speech\nto the no. 1 problem of the European integration which is the heterogeneity\nbetween the countries.<\/strong><\/p>\n\n\n\n<p>We need to keep in mind that the EU now consists of 28\ncountries. And more countries with different cultures, opinions, values, and\npreferences mean that it is more difficult to find a compromise. Therefore,\nfrom a definition, it is not viable to keep deepening the integration process.\nIt would work only under the assumptions of homogeneity of these factors, which\nis not the case. That\u2019s why the situation of the United States of America is\nnot applicable to the EU.<\/p>\n\n\n\n<p><strong>Do you think that let\u2019s\nsay a lifestyle of people from the Southern countries of the EU such as Greece,\nPortugal, or Spain is the same as a lifestyle of people from the Northern\ncountries such as Sweden, Denmark, or Finland?<\/strong> &nbsp;Of course, it is not<strong>. <\/strong>Some of you probably swim a lot, while the latter group of people\nmay enjoy skiing or other similar activities more. Simply, because there are\ndifferent environments. And this is interconnected with everything \u2013 with\nsocial dimensions, with economic dimensions, with culture, values and so on.\nWhen such notable dissimilarities exist, it is, logically, more difficult to\nfind a compromise when dealing with complex issues on a supra-national level.\nThis is the case of the European Union. As a result, the EU has been paralysed\nwhen trying to manage complicated issues such as fiscal policy or migration\npolicy.<\/p>\n\n\n\n<p><strong>For all human history,\nthere have been significant differences between various groups of people<\/strong>. Later on, we have formed national\nstates. And the reason was this: it is more efficient when the world is\nfragmented. And I know that probably today it sounds awful, but it is still the\ncase and it always will be the case. It is human nature. At least to some\nextent. That is why national sovereignty is so important. Every state is\npursuing its own goals, even though sometimes they are trying to look like they\ndo not do this. And the same goes for every individual by the way. Of course,\nwe do not mean to harm other people, but I would say for most people, their\ninterests mean more for them than the interests of others. We, economists,\nwould argue that selfishness is great because it promotes efficiency. This is\nabsolutely true, but it is not applicable in the situation of trying to find a political\ncompromise when the actors do not have the same voting power. This is one of\nthe paramount reasons why more integration is not always better.<\/p>\n\n\n\n<p><strong>So, what did the members\nof the European integration process do? In the 1990s, they were very aware of\nthe fact that socialism has ended and that more members states will take part\nin the integration process in the future.<\/strong> I am referring to the 1989 fall of Communism or\nsocialism. This is also the case of the Czech Republic. Very soon, beginning\nwith the Maastricht Treaty in 1992, the older and more developed countries decided\nthat they do not want to lose influence over the integration process, and they\nbegan to reform it. After the last almost constitutional treaty \u2013 The Lisbon\nTreaty \u2013 it is very clear that the older and bigger states, mostly Germany and\nFrance have the most control and power over the integration process. The\nEuropean bureaucrats use the argument that voting needs to be efficient, so larger\nand more developed countries have a significant advantage. As a result, they\nhave suppressed many aspects of sovereignty and the whole process began to move\naway from its initial purpose.<\/p>\n\n\n\n<p><strong>Now, let me provide you\nwith two examples of the fact that more of something does not always mean that\nit is better.<\/strong> One is\nfrom real life and has nothing to do with economics. While the second one is directly\nconnected to the EU.<\/p>\n\n\n\n<p><strong>So, the first example is considering nutrition<\/strong>. It is said that \u201cThe dose makes the poison\u201c, or in other words: everything is toxic in unreasonable quantities. This is also the case of one of the most vital life elements, which is water \u2013 H<sub>2<\/sub>O. If you drank excessive amounts of water, you would die. The symptoms of water poisoning include headaches, tiredness, sweating, vomiting, stiffness, convulsions, disorientation\u2026. and a brain swelling in the end.<\/p>\n\n\n\n<p><strong>The second example is the\ncase of freedom vs. central planning<\/strong>. The humankind is experiencing endless circles or\nfluctuations of levels of freedom in a society. Some periods were freer than\nothers. In my opinion, one of the reasons which apply to the modern era is that\na constant effort to make society and economy work better, which creates a\nvicious circle. Only na\u00efve people think that we can tweak and change basic\nfundamental systems of society \u2013 democracy and capitalism. Or the people do not\nrealise that it is being challenged. So, what is happening is that we are\ngradually losing more and more personal freedom as the governments or the\nEuropean Union, is trying to manage more and more things. We already know that\nthis is not possible, as all the communist or socialist experiments went\nterribly wrong. The Czech Republic is a prime example of it. The only cure was to\nlet people be free and manage most of the things by themselves. It may be harsh\nbut it is working.<\/p>\n\n\n\n<blockquote class=\"wp-block-quote is-layout-flow wp-block-quote-is-layout-flow\"><p><strong>There is a saying that democracy is not perfect. Capitalism is not perfect either. But it does not mean that we should replace it.<\/strong> <\/p><\/blockquote>\n\n\n\n<p>Our society still draws from its capitalist fundamentals \u2013 the free markets, the freedom of speech of choice etc. However nowadays it is being significantly weakened and the European Union, unfortunately, plays a prominent role in the process. When it comes to smaller EU member states, even democratic processes are being gradually suppressed. We are speaking about the so-called democratic deficit in the EU.<\/p>\n\n\n\n<p><strong>If we do not wake up, the EU countries and its people (we) will suffer<\/strong>. History tells us that even great and mighty entities such as the Roman Empire will fall if they are not able to adapt to constantly changing circumstances and manage its society properly. The EU should go back to its economic roots, stick with them, and not try to create the so-called United States of Europe.<\/p>","protected":false},"excerpt":{"rendered":"<p>P\u016fvodn\u00ed anglick\u00fd text: The European Integration process has brought us many benefits. It helped us [&hellip;]<\/p>\n","protected":false},"author":1,"featured_media":514,"comment_status":"closed","ping_status":"closed","sticky":false,"template":"","format":"standard","meta":{"_exactmetrics_skip_tracking":false,"_exactmetrics_sitenote_active":false,"_exactmetrics_sitenote_note":"","_exactmetrics_sitenote_category":0,"footnotes":""},"categories":[39],"tags":[42,40,41],"class_list":["post-510","post","type-post","status-publish","format-standard","has-post-thumbnail","hentry","category-evropska-unie","tag-demokraticky-deficit","tag-evropska-unie","tag-evropsky-integracni-proces"],"acf":[],"yoast_head":"<!-- This site is optimized with the Yoast SEO plugin v27.5 - https:\/\/yoast.com\/product\/yoast-seo-wordpress\/ -->\n<title>Probl\u00e9my evropsk\u00e9ho integra\u010dn\u00edho procesu - doc. Ing. Milan Bedn\u00e1\u0159, Ph.D.<\/title>\n<meta name=\"robots\" content=\"index, follow, max-snippet:-1, max-image-preview:large, max-video-preview:-1\" \/>\n<link rel=\"canonical\" href=\"https:\/\/bednarmilan.cz\/en\/2019\/07\/12\/the-european-integration-process\/\" \/>\n<meta property=\"og:locale\" content=\"en_GB\" \/>\n<meta property=\"og:type\" content=\"article\" \/>\n<meta property=\"og:title\" content=\"Probl\u00e9my evropsk\u00e9ho integra\u010dn\u00edho procesu - doc. Ing. Milan Bedn\u00e1\u0159, Ph.D.\" \/>\n<meta property=\"og:description\" content=\"P\u016fvodn\u00ed anglick\u00fd text: The European Integration process has brought us many benefits. It helped us [&hellip;]\" \/>\n<meta property=\"og:url\" content=\"https:\/\/bednarmilan.cz\/en\/2019\/07\/12\/the-european-integration-process\/\" \/>\n<meta property=\"og:site_name\" content=\"doc. Ing. Milan Bedn\u00e1\u0159, Ph.D.\" \/>\n<meta property=\"article:published_time\" content=\"2019-07-11T22:29:52+00:00\" \/>\n<meta property=\"article:modified_time\" content=\"2024-07-09T08:26:00+00:00\" \/>\n<meta property=\"og:image\" content=\"https:\/\/bednarmilan.cz\/wp-content\/uploads\/2019\/07\/eu-flag-2108026_960_7201-e1562883870351.jpg\" \/>\n\t<meta property=\"og:image:width\" content=\"799\" \/>\n\t<meta property=\"og:image:height\" content=\"559\" \/>\n\t<meta property=\"og:image:type\" content=\"image\/jpeg\" \/>\n<meta name=\"author\" content=\"Milan Bedn\u00e1\u0159\" \/>\n<meta name=\"twitter:card\" content=\"summary_large_image\" \/>\n<meta name=\"twitter:label1\" content=\"Written by\" \/>\n\t<meta name=\"twitter:data1\" content=\"Milan Bedn\u00e1\u0159\" \/>\n\t<meta name=\"twitter:label2\" content=\"Estimated reading time\" \/>\n\t<meta name=\"twitter:data2\" content=\"7 minutes\" \/>\n<script type=\"application\/ld+json\" class=\"yoast-schema-graph\">{\"@context\":\"https:\\\/\\\/schema.org\",\"@graph\":[{\"@type\":\"Article\",\"@id\":\"https:\\\/\\\/bednarmilan.cz\\\/2019\\\/07\\\/12\\\/the-european-integration-process\\\/#article\",\"isPartOf\":{\"@id\":\"https:\\\/\\\/bednarmilan.cz\\\/2019\\\/07\\\/12\\\/the-european-integration-process\\\/\"},\"author\":{\"name\":\"Milan Bedn\u00e1\u0159\",\"@id\":\"https:\\\/\\\/bednarmilan.cz\\\/en\\\/#\\\/schema\\\/person\\\/4414fdceba4a6e05157f1e84a6ef0630\"},\"headline\":\"Probl\u00e9my evropsk\u00e9ho integra\u010dn\u00edho procesu\",\"datePublished\":\"2019-07-11T22:29:52+00:00\",\"dateModified\":\"2024-07-09T08:26:00+00:00\",\"mainEntityOfPage\":{\"@id\":\"https:\\\/\\\/bednarmilan.cz\\\/2019\\\/07\\\/12\\\/the-european-integration-process\\\/\"},\"wordCount\":1261,\"publisher\":{\"@id\":\"https:\\\/\\\/bednarmilan.cz\\\/en\\\/#\\\/schema\\\/person\\\/4414fdceba4a6e05157f1e84a6ef0630\"},\"image\":{\"@id\":\"https:\\\/\\\/bednarmilan.cz\\\/2019\\\/07\\\/12\\\/the-european-integration-process\\\/#primaryimage\"},\"thumbnailUrl\":\"https:\\\/\\\/bednarmilan.cz\\\/wp-content\\\/uploads\\\/2019\\\/07\\\/eu-flag-2108026_960_7201-e1562883870351.jpg\",\"keywords\":[\"Demokratick\u00fd deficit\",\"Evropsk\u00e1 unie\",\"Evropsk\u00fd integra\u010dn\u00ed proces\"],\"articleSection\":[\"Evropsk\u00e1 unie\"],\"inLanguage\":\"en-GB\"},{\"@type\":\"WebPage\",\"@id\":\"https:\\\/\\\/bednarmilan.cz\\\/2019\\\/07\\\/12\\\/the-european-integration-process\\\/\",\"url\":\"https:\\\/\\\/bednarmilan.cz\\\/2019\\\/07\\\/12\\\/the-european-integration-process\\\/\",\"name\":\"Probl\u00e9my evropsk\u00e9ho integra\u010dn\u00edho procesu - doc. Ing. Milan Bedn\u00e1\u0159, Ph.D.\",\"isPartOf\":{\"@id\":\"https:\\\/\\\/bednarmilan.cz\\\/en\\\/#website\"},\"primaryImageOfPage\":{\"@id\":\"https:\\\/\\\/bednarmilan.cz\\\/2019\\\/07\\\/12\\\/the-european-integration-process\\\/#primaryimage\"},\"image\":{\"@id\":\"https:\\\/\\\/bednarmilan.cz\\\/2019\\\/07\\\/12\\\/the-european-integration-process\\\/#primaryimage\"},\"thumbnailUrl\":\"https:\\\/\\\/bednarmilan.cz\\\/wp-content\\\/uploads\\\/2019\\\/07\\\/eu-flag-2108026_960_7201-e1562883870351.jpg\",\"datePublished\":\"2019-07-11T22:29:52+00:00\",\"dateModified\":\"2024-07-09T08:26:00+00:00\",\"breadcrumb\":{\"@id\":\"https:\\\/\\\/bednarmilan.cz\\\/2019\\\/07\\\/12\\\/the-european-integration-process\\\/#breadcrumb\"},\"inLanguage\":\"en-GB\",\"potentialAction\":[{\"@type\":\"ReadAction\",\"target\":[\"https:\\\/\\\/bednarmilan.cz\\\/2019\\\/07\\\/12\\\/the-european-integration-process\\\/\"]}]},{\"@type\":\"ImageObject\",\"inLanguage\":\"en-GB\",\"@id\":\"https:\\\/\\\/bednarmilan.cz\\\/2019\\\/07\\\/12\\\/the-european-integration-process\\\/#primaryimage\",\"url\":\"https:\\\/\\\/bednarmilan.cz\\\/wp-content\\\/uploads\\\/2019\\\/07\\\/eu-flag-2108026_960_7201-e1562883870351.jpg\",\"contentUrl\":\"https:\\\/\\\/bednarmilan.cz\\\/wp-content\\\/uploads\\\/2019\\\/07\\\/eu-flag-2108026_960_7201-e1562883870351.jpg\",\"width\":799,\"height\":559},{\"@type\":\"BreadcrumbList\",\"@id\":\"https:\\\/\\\/bednarmilan.cz\\\/2019\\\/07\\\/12\\\/the-european-integration-process\\\/#breadcrumb\",\"itemListElement\":[{\"@type\":\"ListItem\",\"position\":1,\"name\":\"Dom\u016f\",\"item\":\"https:\\\/\\\/bednarmilan.cz\\\/\"},{\"@type\":\"ListItem\",\"position\":2,\"name\":\"Probl\u00e9my evropsk\u00e9ho integra\u010dn\u00edho procesu\"}]},{\"@type\":\"WebSite\",\"@id\":\"https:\\\/\\\/bednarmilan.cz\\\/en\\\/#website\",\"url\":\"https:\\\/\\\/bednarmilan.cz\\\/en\\\/\",\"name\":\"doc. Ing. Milan Bedn\u00e1\u0159, Ph.D.\",\"description\":\"\",\"publisher\":{\"@id\":\"https:\\\/\\\/bednarmilan.cz\\\/en\\\/#\\\/schema\\\/person\\\/4414fdceba4a6e05157f1e84a6ef0630\"},\"potentialAction\":[{\"@type\":\"SearchAction\",\"target\":{\"@type\":\"EntryPoint\",\"urlTemplate\":\"https:\\\/\\\/bednarmilan.cz\\\/en\\\/?s={search_term_string}\"},\"query-input\":{\"@type\":\"PropertyValueSpecification\",\"valueRequired\":true,\"valueName\":\"search_term_string\"}}],\"inLanguage\":\"en-GB\"},{\"@type\":[\"Person\",\"Organization\"],\"@id\":\"https:\\\/\\\/bednarmilan.cz\\\/en\\\/#\\\/schema\\\/person\\\/4414fdceba4a6e05157f1e84a6ef0630\",\"name\":\"Milan Bedn\u00e1\u0159\",\"image\":{\"@type\":\"ImageObject\",\"inLanguage\":\"en-GB\",\"@id\":\"https:\\\/\\\/secure.gravatar.com\\\/avatar\\\/91880e7158b9968ad752b25fd2f3d85691559794a2b5077307de658ed6ac26fe?s=96&d=mm&r=g\",\"url\":\"https:\\\/\\\/secure.gravatar.com\\\/avatar\\\/91880e7158b9968ad752b25fd2f3d85691559794a2b5077307de658ed6ac26fe?s=96&d=mm&r=g\",\"contentUrl\":\"https:\\\/\\\/secure.gravatar.com\\\/avatar\\\/91880e7158b9968ad752b25fd2f3d85691559794a2b5077307de658ed6ac26fe?s=96&d=mm&r=g\",\"caption\":\"Milan Bedn\u00e1\u0159\"},\"logo\":{\"@id\":\"https:\\\/\\\/secure.gravatar.com\\\/avatar\\\/91880e7158b9968ad752b25fd2f3d85691559794a2b5077307de658ed6ac26fe?s=96&d=mm&r=g\"}}]}<\/script>\n<!-- \/ Yoast SEO plugin. -->","yoast_head_json":{"title":"Probl\u00e9my evropsk\u00e9ho integra\u010dn\u00edho procesu - doc. Ing. Milan Bedn\u00e1\u0159, Ph.D.","robots":{"index":"index","follow":"follow","max-snippet":"max-snippet:-1","max-image-preview":"max-image-preview:large","max-video-preview":"max-video-preview:-1"},"canonical":"https:\/\/bednarmilan.cz\/en\/2019\/07\/12\/the-european-integration-process\/","og_locale":"en_GB","og_type":"article","og_title":"Probl\u00e9my evropsk\u00e9ho integra\u010dn\u00edho procesu - doc. Ing. Milan Bedn\u00e1\u0159, Ph.D.","og_description":"P\u016fvodn\u00ed anglick\u00fd text: The European Integration process has brought us many benefits. It helped us [&hellip;]","og_url":"https:\/\/bednarmilan.cz\/en\/2019\/07\/12\/the-european-integration-process\/","og_site_name":"doc. Ing. Milan Bedn\u00e1\u0159, Ph.D.","article_published_time":"2019-07-11T22:29:52+00:00","article_modified_time":"2024-07-09T08:26:00+00:00","og_image":[{"width":799,"height":559,"url":"https:\/\/bednarmilan.cz\/wp-content\/uploads\/2019\/07\/eu-flag-2108026_960_7201-e1562883870351.jpg","type":"image\/jpeg"}],"author":"Milan Bedn\u00e1\u0159","twitter_card":"summary_large_image","twitter_misc":{"Written by":"Milan Bedn\u00e1\u0159","Estimated reading time":"7 minutes"},"schema":{"@context":"https:\/\/schema.org","@graph":[{"@type":"Article","@id":"https:\/\/bednarmilan.cz\/2019\/07\/12\/the-european-integration-process\/#article","isPartOf":{"@id":"https:\/\/bednarmilan.cz\/2019\/07\/12\/the-european-integration-process\/"},"author":{"name":"Milan Bedn\u00e1\u0159","@id":"https:\/\/bednarmilan.cz\/en\/#\/schema\/person\/4414fdceba4a6e05157f1e84a6ef0630"},"headline":"Probl\u00e9my evropsk\u00e9ho integra\u010dn\u00edho procesu","datePublished":"2019-07-11T22:29:52+00:00","dateModified":"2024-07-09T08:26:00+00:00","mainEntityOfPage":{"@id":"https:\/\/bednarmilan.cz\/2019\/07\/12\/the-european-integration-process\/"},"wordCount":1261,"publisher":{"@id":"https:\/\/bednarmilan.cz\/en\/#\/schema\/person\/4414fdceba4a6e05157f1e84a6ef0630"},"image":{"@id":"https:\/\/bednarmilan.cz\/2019\/07\/12\/the-european-integration-process\/#primaryimage"},"thumbnailUrl":"https:\/\/bednarmilan.cz\/wp-content\/uploads\/2019\/07\/eu-flag-2108026_960_7201-e1562883870351.jpg","keywords":["Demokratick\u00fd deficit","Evropsk\u00e1 unie","Evropsk\u00fd integra\u010dn\u00ed proces"],"articleSection":["Evropsk\u00e1 unie"],"inLanguage":"en-GB"},{"@type":"WebPage","@id":"https:\/\/bednarmilan.cz\/2019\/07\/12\/the-european-integration-process\/","url":"https:\/\/bednarmilan.cz\/2019\/07\/12\/the-european-integration-process\/","name":"Probl\u00e9my evropsk\u00e9ho integra\u010dn\u00edho procesu - doc. Ing. Milan Bedn\u00e1\u0159, Ph.D.","isPartOf":{"@id":"https:\/\/bednarmilan.cz\/en\/#website"},"primaryImageOfPage":{"@id":"https:\/\/bednarmilan.cz\/2019\/07\/12\/the-european-integration-process\/#primaryimage"},"image":{"@id":"https:\/\/bednarmilan.cz\/2019\/07\/12\/the-european-integration-process\/#primaryimage"},"thumbnailUrl":"https:\/\/bednarmilan.cz\/wp-content\/uploads\/2019\/07\/eu-flag-2108026_960_7201-e1562883870351.jpg","datePublished":"2019-07-11T22:29:52+00:00","dateModified":"2024-07-09T08:26:00+00:00","breadcrumb":{"@id":"https:\/\/bednarmilan.cz\/2019\/07\/12\/the-european-integration-process\/#breadcrumb"},"inLanguage":"en-GB","potentialAction":[{"@type":"ReadAction","target":["https:\/\/bednarmilan.cz\/2019\/07\/12\/the-european-integration-process\/"]}]},{"@type":"ImageObject","inLanguage":"en-GB","@id":"https:\/\/bednarmilan.cz\/2019\/07\/12\/the-european-integration-process\/#primaryimage","url":"https:\/\/bednarmilan.cz\/wp-content\/uploads\/2019\/07\/eu-flag-2108026_960_7201-e1562883870351.jpg","contentUrl":"https:\/\/bednarmilan.cz\/wp-content\/uploads\/2019\/07\/eu-flag-2108026_960_7201-e1562883870351.jpg","width":799,"height":559},{"@type":"BreadcrumbList","@id":"https:\/\/bednarmilan.cz\/2019\/07\/12\/the-european-integration-process\/#breadcrumb","itemListElement":[{"@type":"ListItem","position":1,"name":"Dom\u016f","item":"https:\/\/bednarmilan.cz\/"},{"@type":"ListItem","position":2,"name":"Probl\u00e9my evropsk\u00e9ho integra\u010dn\u00edho procesu"}]},{"@type":"WebSite","@id":"https:\/\/bednarmilan.cz\/en\/#website","url":"https:\/\/bednarmilan.cz\/en\/","name":"doc. Ing. Milan Bedn\u00e1\u0159, Ph.D.","description":"","publisher":{"@id":"https:\/\/bednarmilan.cz\/en\/#\/schema\/person\/4414fdceba4a6e05157f1e84a6ef0630"},"potentialAction":[{"@type":"SearchAction","target":{"@type":"EntryPoint","urlTemplate":"https:\/\/bednarmilan.cz\/en\/?s={search_term_string}"},"query-input":{"@type":"PropertyValueSpecification","valueRequired":true,"valueName":"search_term_string"}}],"inLanguage":"en-GB"},{"@type":["Person","Organization"],"@id":"https:\/\/bednarmilan.cz\/en\/#\/schema\/person\/4414fdceba4a6e05157f1e84a6ef0630","name":"Milan Bedn\u00e1\u0159","image":{"@type":"ImageObject","inLanguage":"en-GB","@id":"https:\/\/secure.gravatar.com\/avatar\/91880e7158b9968ad752b25fd2f3d85691559794a2b5077307de658ed6ac26fe?s=96&d=mm&r=g","url":"https:\/\/secure.gravatar.com\/avatar\/91880e7158b9968ad752b25fd2f3d85691559794a2b5077307de658ed6ac26fe?s=96&d=mm&r=g","contentUrl":"https:\/\/secure.gravatar.com\/avatar\/91880e7158b9968ad752b25fd2f3d85691559794a2b5077307de658ed6ac26fe?s=96&d=mm&r=g","caption":"Milan Bedn\u00e1\u0159"},"logo":{"@id":"https:\/\/secure.gravatar.com\/avatar\/91880e7158b9968ad752b25fd2f3d85691559794a2b5077307de658ed6ac26fe?s=96&d=mm&r=g"}}]}},"_links":{"self":[{"href":"http:\/\/bednarmilan.cz\/en\/wp-json\/wp\/v2\/posts\/510","targetHints":{"allow":["GET"]}}],"collection":[{"href":"http:\/\/bednarmilan.cz\/en\/wp-json\/wp\/v2\/posts"}],"about":[{"href":"http:\/\/bednarmilan.cz\/en\/wp-json\/wp\/v2\/types\/post"}],"author":[{"embeddable":true,"href":"http:\/\/bednarmilan.cz\/en\/wp-json\/wp\/v2\/users\/1"}],"replies":[{"embeddable":true,"href":"http:\/\/bednarmilan.cz\/en\/wp-json\/wp\/v2\/comments?post=510"}],"version-history":[{"count":4,"href":"http:\/\/bednarmilan.cz\/en\/wp-json\/wp\/v2\/posts\/510\/revisions"}],"predecessor-version":[{"id":727,"href":"http:\/\/bednarmilan.cz\/en\/wp-json\/wp\/v2\/posts\/510\/revisions\/727"}],"wp:featuredmedia":[{"embeddable":true,"href":"http:\/\/bednarmilan.cz\/en\/wp-json\/wp\/v2\/media\/514"}],"wp:attachment":[{"href":"http:\/\/bednarmilan.cz\/en\/wp-json\/wp\/v2\/media?parent=510"}],"wp:term":[{"taxonomy":"category","embeddable":true,"href":"http:\/\/bednarmilan.cz\/en\/wp-json\/wp\/v2\/categories?post=510"},{"taxonomy":"post_tag","embeddable":true,"href":"http:\/\/bednarmilan.cz\/en\/wp-json\/wp\/v2\/tags?post=510"}],"curies":[{"name":"wp","href":"https:\/\/api.w.org\/{rel}","templated":true}]}}