{"id":720,"date":"2021-03-31T00:13:33","date_gmt":"2021-03-30T22:13:33","guid":{"rendered":"https:\/\/bednarmilan.cz\/?p=720"},"modified":"2024-07-09T10:25:36","modified_gmt":"2024-07-09T08:25:36","slug":"covid-studie","status":"publish","type":"post","link":"http:\/\/bednarmilan.cz\/en\/2021\/03\/31\/covid-studie\/","title":{"rendered":"Evaluation of the Efficiency of Restrictive Government Measures in Response to the COVID-19 Pandemic in the Czech Republic (KHP NF VSE)"},"content":{"rendered":"<p>Expert study dealing with the disadvantages of the implemented restrictive government measures in response to the COVID-19 pandemic. I wrote the study in collaboration with colleagues from the Department of Economic and Social Policy, Faculty of Economics, Prague University of Economics and Business.<\/p>\n\n\n\n<p>Link: <a href=\"https:\/\/nf.vse.cz\/wp-content\/uploads\/post\/18463\/Vyzkumna-studie-KHP-10.3.2021.pdf\">https:\/\/nf.vse.cz\/wp-content\/uploads\/post\/18463\/Vyzkumna-studie-KHP-10.3.2021.pdf<\/a><\/p>","protected":false},"excerpt":{"rendered":"<p>Odborn\u00e1 studie pojedn\u00e1vaj\u00edc\u00ed o nev\u00fdhodnosti zaveden\u00fdch plo\u0161n\u00fdch restriktivn\u00edch vl\u00e1dn\u00edch opat\u0159en\u00ed v reakci na pandemii onemocn\u011bn\u00ed [&hellip;]<\/p>\n","protected":false},"author":1,"featured_media":723,"comment_status":"closed","ping_status":"closed","sticky":false,"template":"","format":"standard","meta":{"_exactmetrics_skip_tracking":false,"_exactmetrics_sitenote_active":false,"_exactmetrics_sitenote_note":"","_exactmetrics_sitenote_category":0,"footnotes":""},"categories":[65],"tags":[64,62,63,61],"class_list":["post-720","post","type-post","status-publish","format-standard","has-post-thumbnail","hentry","category-koronavirova-pandemie","tag-ceska-ekonomika","tag-cost-benefit-analyza","tag-hospodarska-politika","tag-koronavirova-pandemie"],"acf":[],"yoast_head":"<!-- This site is optimized with the Yoast SEO plugin v27.5 - https:\/\/yoast.com\/product\/yoast-seo-wordpress\/ -->\n<title>Vyhodnocen\u00ed efektivity plo\u0161n\u00fdch restriktivn\u00edch vl\u00e1dn\u00edch opat\u0159en\u00ed v reakci na pandemii COVID-19 v \u010cesk\u00e9 republice (KHP NF V\u0160E) - doc. Ing. Milan Bedn\u00e1\u0159, Ph.D.<\/title>\n<meta name=\"robots\" content=\"index, follow, max-snippet:-1, max-image-preview:large, max-video-preview:-1\" \/>\n<link rel=\"canonical\" href=\"https:\/\/bednarmilan.cz\/en\/2021\/03\/31\/covid-studie\/\" \/>\n<meta property=\"og:locale\" content=\"en_GB\" \/>\n<meta property=\"og:type\" content=\"article\" \/>\n<meta property=\"og:title\" content=\"Vyhodnocen\u00ed efektivity plo\u0161n\u00fdch restriktivn\u00edch vl\u00e1dn\u00edch opat\u0159en\u00ed v reakci na pandemii COVID-19 v \u010cesk\u00e9 republice (KHP NF V\u0160E) - doc. Ing. Milan Bedn\u00e1\u0159, Ph.D.\" \/>\n<meta property=\"og:description\" content=\"Odborn\u00e1 studie pojedn\u00e1vaj\u00edc\u00ed o nev\u00fdhodnosti zaveden\u00fdch plo\u0161n\u00fdch restriktivn\u00edch vl\u00e1dn\u00edch opat\u0159en\u00ed v reakci na pandemii onemocn\u011bn\u00ed [&hellip;]\" \/>\n<meta property=\"og:url\" content=\"https:\/\/bednarmilan.cz\/en\/2021\/03\/31\/covid-studie\/\" \/>\n<meta property=\"og:site_name\" content=\"doc. Ing. Milan Bedn\u00e1\u0159, Ph.D.\" \/>\n<meta property=\"article:published_time\" content=\"2021-03-30T22:13:33+00:00\" \/>\n<meta property=\"article:modified_time\" content=\"2024-07-09T08:25:36+00:00\" \/>\n<meta property=\"og:image\" content=\"https:\/\/bednarmilan.cz\/wp-content\/uploads\/2021\/03\/photo-1584118624012-df056829fbd0.jpg\" \/>\n\t<meta property=\"og:image:width\" content=\"1489\" \/>\n\t<meta property=\"og:image:height\" content=\"838\" \/>\n\t<meta property=\"og:image:type\" content=\"image\/jpeg\" \/>\n<meta name=\"author\" content=\"Milan Bedn\u00e1\u0159\" \/>\n<meta name=\"twitter:card\" content=\"summary_large_image\" \/>\n<meta name=\"twitter:label1\" content=\"Written by\" \/>\n\t<meta name=\"twitter:data1\" content=\"Milan Bedn\u00e1\u0159\" \/>\n\t<meta name=\"twitter:label2\" content=\"Estimated reading time\" \/>\n\t<meta name=\"twitter:data2\" content=\"1 minute\" \/>\n<script type=\"application\/ld+json\" class=\"yoast-schema-graph\">{\"@context\":\"https:\\\/\\\/schema.org\",\"@graph\":[{\"@type\":\"Article\",\"@id\":\"https:\\\/\\\/bednarmilan.cz\\\/2021\\\/03\\\/31\\\/covid-studie\\\/#article\",\"isPartOf\":{\"@id\":\"https:\\\/\\\/bednarmilan.cz\\\/2021\\\/03\\\/31\\\/covid-studie\\\/\"},\"author\":{\"name\":\"Milan Bedn\u00e1\u0159\",\"@id\":\"https:\\\/\\\/bednarmilan.cz\\\/en\\\/#\\\/schema\\\/person\\\/4414fdceba4a6e05157f1e84a6ef0630\"},\"headline\":\"Vyhodnocen\u00ed efektivity plo\u0161n\u00fdch restriktivn\u00edch vl\u00e1dn\u00edch opat\u0159en\u00ed v reakci na pandemii COVID-19 v \u010cesk\u00e9 republice (KHP NF V\u0160E)\",\"datePublished\":\"2021-03-30T22:13:33+00:00\",\"dateModified\":\"2024-07-09T08:25:36+00:00\",\"mainEntityOfPage\":{\"@id\":\"https:\\\/\\\/bednarmilan.cz\\\/2021\\\/03\\\/31\\\/covid-studie\\\/\"},\"wordCount\":85,\"publisher\":{\"@id\":\"https:\\\/\\\/bednarmilan.cz\\\/en\\\/#\\\/schema\\\/person\\\/4414fdceba4a6e05157f1e84a6ef0630\"},\"image\":{\"@id\":\"https:\\\/\\\/bednarmilan.cz\\\/2021\\\/03\\\/31\\\/covid-studie\\\/#primaryimage\"},\"thumbnailUrl\":\"https:\\\/\\\/bednarmilan.cz\\\/wp-content\\\/uploads\\\/2021\\\/03\\\/photo-1584118624012-df056829fbd0.jpg\",\"keywords\":[\"\u010cesk\u00e1 ekonomika\",\"Cost-benefit anal\u00fdza\",\"Hospod\u00e1\u0159sk\u00e1 politika\",\"Koronavirov\u00e1 pandemie\"],\"articleSection\":[\"Koronavirov\u00e1 pandemie\"],\"inLanguage\":\"en-GB\"},{\"@type\":\"WebPage\",\"@id\":\"https:\\\/\\\/bednarmilan.cz\\\/2021\\\/03\\\/31\\\/covid-studie\\\/\",\"url\":\"https:\\\/\\\/bednarmilan.cz\\\/2021\\\/03\\\/31\\\/covid-studie\\\/\",\"name\":\"Vyhodnocen\u00ed efektivity plo\u0161n\u00fdch restriktivn\u00edch vl\u00e1dn\u00edch opat\u0159en\u00ed v reakci na pandemii COVID-19 v \u010cesk\u00e9 republice (KHP NF V\u0160E) - doc. Ing. Milan Bedn\u00e1\u0159, Ph.D.\",\"isPartOf\":{\"@id\":\"https:\\\/\\\/bednarmilan.cz\\\/en\\\/#website\"},\"primaryImageOfPage\":{\"@id\":\"https:\\\/\\\/bednarmilan.cz\\\/2021\\\/03\\\/31\\\/covid-studie\\\/#primaryimage\"},\"image\":{\"@id\":\"https:\\\/\\\/bednarmilan.cz\\\/2021\\\/03\\\/31\\\/covid-studie\\\/#primaryimage\"},\"thumbnailUrl\":\"https:\\\/\\\/bednarmilan.cz\\\/wp-content\\\/uploads\\\/2021\\\/03\\\/photo-1584118624012-df056829fbd0.jpg\",\"datePublished\":\"2021-03-30T22:13:33+00:00\",\"dateModified\":\"2024-07-09T08:25:36+00:00\",\"breadcrumb\":{\"@id\":\"https:\\\/\\\/bednarmilan.cz\\\/2021\\\/03\\\/31\\\/covid-studie\\\/#breadcrumb\"},\"inLanguage\":\"en-GB\",\"potentialAction\":[{\"@type\":\"ReadAction\",\"target\":[\"https:\\\/\\\/bednarmilan.cz\\\/2021\\\/03\\\/31\\\/covid-studie\\\/\"]}]},{\"@type\":\"ImageObject\",\"inLanguage\":\"en-GB\",\"@id\":\"https:\\\/\\\/bednarmilan.cz\\\/2021\\\/03\\\/31\\\/covid-studie\\\/#primaryimage\",\"url\":\"https:\\\/\\\/bednarmilan.cz\\\/wp-content\\\/uploads\\\/2021\\\/03\\\/photo-1584118624012-df056829fbd0.jpg\",\"contentUrl\":\"https:\\\/\\\/bednarmilan.cz\\\/wp-content\\\/uploads\\\/2021\\\/03\\\/photo-1584118624012-df056829fbd0.jpg\",\"width\":1489,\"height\":838},{\"@type\":\"BreadcrumbList\",\"@id\":\"https:\\\/\\\/bednarmilan.cz\\\/2021\\\/03\\\/31\\\/covid-studie\\\/#breadcrumb\",\"itemListElement\":[{\"@type\":\"ListItem\",\"position\":1,\"name\":\"Dom\u016f\",\"item\":\"https:\\\/\\\/bednarmilan.cz\\\/\"},{\"@type\":\"ListItem\",\"position\":2,\"name\":\"Vyhodnocen\u00ed efektivity plo\u0161n\u00fdch restriktivn\u00edch vl\u00e1dn\u00edch opat\u0159en\u00ed v reakci na pandemii COVID-19 v \u010cesk\u00e9 republice (KHP NF V\u0160E)\"}]},{\"@type\":\"WebSite\",\"@id\":\"https:\\\/\\\/bednarmilan.cz\\\/en\\\/#website\",\"url\":\"https:\\\/\\\/bednarmilan.cz\\\/en\\\/\",\"name\":\"doc. Ing. Milan Bedn\u00e1\u0159, Ph.D.\",\"description\":\"\",\"publisher\":{\"@id\":\"https:\\\/\\\/bednarmilan.cz\\\/en\\\/#\\\/schema\\\/person\\\/4414fdceba4a6e05157f1e84a6ef0630\"},\"potentialAction\":[{\"@type\":\"SearchAction\",\"target\":{\"@type\":\"EntryPoint\",\"urlTemplate\":\"https:\\\/\\\/bednarmilan.cz\\\/en\\\/?s={search_term_string}\"},\"query-input\":{\"@type\":\"PropertyValueSpecification\",\"valueRequired\":true,\"valueName\":\"search_term_string\"}}],\"inLanguage\":\"en-GB\"},{\"@type\":[\"Person\",\"Organization\"],\"@id\":\"https:\\\/\\\/bednarmilan.cz\\\/en\\\/#\\\/schema\\\/person\\\/4414fdceba4a6e05157f1e84a6ef0630\",\"name\":\"Milan Bedn\u00e1\u0159\",\"image\":{\"@type\":\"ImageObject\",\"inLanguage\":\"en-GB\",\"@id\":\"https:\\\/\\\/secure.gravatar.com\\\/avatar\\\/91880e7158b9968ad752b25fd2f3d85691559794a2b5077307de658ed6ac26fe?s=96&d=mm&r=g\",\"url\":\"https:\\\/\\\/secure.gravatar.com\\\/avatar\\\/91880e7158b9968ad752b25fd2f3d85691559794a2b5077307de658ed6ac26fe?s=96&d=mm&r=g\",\"contentUrl\":\"https:\\\/\\\/secure.gravatar.com\\\/avatar\\\/91880e7158b9968ad752b25fd2f3d85691559794a2b5077307de658ed6ac26fe?s=96&d=mm&r=g\",\"caption\":\"Milan Bedn\u00e1\u0159\"},\"logo\":{\"@id\":\"https:\\\/\\\/secure.gravatar.com\\\/avatar\\\/91880e7158b9968ad752b25fd2f3d85691559794a2b5077307de658ed6ac26fe?s=96&d=mm&r=g\"}}]}<\/script>\n<!-- \/ Yoast SEO plugin. -->","yoast_head_json":{"title":"Vyhodnocen\u00ed efektivity plo\u0161n\u00fdch restriktivn\u00edch vl\u00e1dn\u00edch opat\u0159en\u00ed v reakci na pandemii COVID-19 v \u010cesk\u00e9 republice (KHP NF V\u0160E) - doc. Ing. Milan Bedn\u00e1\u0159, Ph.D.","robots":{"index":"index","follow":"follow","max-snippet":"max-snippet:-1","max-image-preview":"max-image-preview:large","max-video-preview":"max-video-preview:-1"},"canonical":"https:\/\/bednarmilan.cz\/en\/2021\/03\/31\/covid-studie\/","og_locale":"en_GB","og_type":"article","og_title":"Vyhodnocen\u00ed efektivity plo\u0161n\u00fdch restriktivn\u00edch vl\u00e1dn\u00edch opat\u0159en\u00ed v reakci na pandemii COVID-19 v \u010cesk\u00e9 republice (KHP NF V\u0160E) - doc. Ing. Milan Bedn\u00e1\u0159, Ph.D.","og_description":"Odborn\u00e1 studie pojedn\u00e1vaj\u00edc\u00ed o nev\u00fdhodnosti zaveden\u00fdch plo\u0161n\u00fdch restriktivn\u00edch vl\u00e1dn\u00edch opat\u0159en\u00ed v reakci na pandemii onemocn\u011bn\u00ed [&hellip;]","og_url":"https:\/\/bednarmilan.cz\/en\/2021\/03\/31\/covid-studie\/","og_site_name":"doc. Ing. Milan Bedn\u00e1\u0159, Ph.D.","article_published_time":"2021-03-30T22:13:33+00:00","article_modified_time":"2024-07-09T08:25:36+00:00","og_image":[{"width":1489,"height":838,"url":"https:\/\/bednarmilan.cz\/wp-content\/uploads\/2021\/03\/photo-1584118624012-df056829fbd0.jpg","type":"image\/jpeg"}],"author":"Milan Bedn\u00e1\u0159","twitter_card":"summary_large_image","twitter_misc":{"Written by":"Milan Bedn\u00e1\u0159","Estimated reading time":"1 minute"},"schema":{"@context":"https:\/\/schema.org","@graph":[{"@type":"Article","@id":"https:\/\/bednarmilan.cz\/2021\/03\/31\/covid-studie\/#article","isPartOf":{"@id":"https:\/\/bednarmilan.cz\/2021\/03\/31\/covid-studie\/"},"author":{"name":"Milan Bedn\u00e1\u0159","@id":"https:\/\/bednarmilan.cz\/en\/#\/schema\/person\/4414fdceba4a6e05157f1e84a6ef0630"},"headline":"Vyhodnocen\u00ed efektivity plo\u0161n\u00fdch restriktivn\u00edch vl\u00e1dn\u00edch opat\u0159en\u00ed v reakci na pandemii COVID-19 v \u010cesk\u00e9 republice (KHP NF V\u0160E)","datePublished":"2021-03-30T22:13:33+00:00","dateModified":"2024-07-09T08:25:36+00:00","mainEntityOfPage":{"@id":"https:\/\/bednarmilan.cz\/2021\/03\/31\/covid-studie\/"},"wordCount":85,"publisher":{"@id":"https:\/\/bednarmilan.cz\/en\/#\/schema\/person\/4414fdceba4a6e05157f1e84a6ef0630"},"image":{"@id":"https:\/\/bednarmilan.cz\/2021\/03\/31\/covid-studie\/#primaryimage"},"thumbnailUrl":"https:\/\/bednarmilan.cz\/wp-content\/uploads\/2021\/03\/photo-1584118624012-df056829fbd0.jpg","keywords":["\u010cesk\u00e1 ekonomika","Cost-benefit anal\u00fdza","Hospod\u00e1\u0159sk\u00e1 politika","Koronavirov\u00e1 pandemie"],"articleSection":["Koronavirov\u00e1 pandemie"],"inLanguage":"en-GB"},{"@type":"WebPage","@id":"https:\/\/bednarmilan.cz\/2021\/03\/31\/covid-studie\/","url":"https:\/\/bednarmilan.cz\/2021\/03\/31\/covid-studie\/","name":"Vyhodnocen\u00ed efektivity plo\u0161n\u00fdch restriktivn\u00edch vl\u00e1dn\u00edch opat\u0159en\u00ed v reakci na pandemii COVID-19 v \u010cesk\u00e9 republice (KHP NF V\u0160E) - doc. Ing. Milan Bedn\u00e1\u0159, Ph.D.","isPartOf":{"@id":"https:\/\/bednarmilan.cz\/en\/#website"},"primaryImageOfPage":{"@id":"https:\/\/bednarmilan.cz\/2021\/03\/31\/covid-studie\/#primaryimage"},"image":{"@id":"https:\/\/bednarmilan.cz\/2021\/03\/31\/covid-studie\/#primaryimage"},"thumbnailUrl":"https:\/\/bednarmilan.cz\/wp-content\/uploads\/2021\/03\/photo-1584118624012-df056829fbd0.jpg","datePublished":"2021-03-30T22:13:33+00:00","dateModified":"2024-07-09T08:25:36+00:00","breadcrumb":{"@id":"https:\/\/bednarmilan.cz\/2021\/03\/31\/covid-studie\/#breadcrumb"},"inLanguage":"en-GB","potentialAction":[{"@type":"ReadAction","target":["https:\/\/bednarmilan.cz\/2021\/03\/31\/covid-studie\/"]}]},{"@type":"ImageObject","inLanguage":"en-GB","@id":"https:\/\/bednarmilan.cz\/2021\/03\/31\/covid-studie\/#primaryimage","url":"https:\/\/bednarmilan.cz\/wp-content\/uploads\/2021\/03\/photo-1584118624012-df056829fbd0.jpg","contentUrl":"https:\/\/bednarmilan.cz\/wp-content\/uploads\/2021\/03\/photo-1584118624012-df056829fbd0.jpg","width":1489,"height":838},{"@type":"BreadcrumbList","@id":"https:\/\/bednarmilan.cz\/2021\/03\/31\/covid-studie\/#breadcrumb","itemListElement":[{"@type":"ListItem","position":1,"name":"Dom\u016f","item":"https:\/\/bednarmilan.cz\/"},{"@type":"ListItem","position":2,"name":"Vyhodnocen\u00ed efektivity plo\u0161n\u00fdch restriktivn\u00edch vl\u00e1dn\u00edch opat\u0159en\u00ed v reakci na pandemii COVID-19 v \u010cesk\u00e9 republice (KHP NF V\u0160E)"}]},{"@type":"WebSite","@id":"https:\/\/bednarmilan.cz\/en\/#website","url":"https:\/\/bednarmilan.cz\/en\/","name":"doc. Ing. Milan Bedn\u00e1\u0159, Ph.D.","description":"","publisher":{"@id":"https:\/\/bednarmilan.cz\/en\/#\/schema\/person\/4414fdceba4a6e05157f1e84a6ef0630"},"potentialAction":[{"@type":"SearchAction","target":{"@type":"EntryPoint","urlTemplate":"https:\/\/bednarmilan.cz\/en\/?s={search_term_string}"},"query-input":{"@type":"PropertyValueSpecification","valueRequired":true,"valueName":"search_term_string"}}],"inLanguage":"en-GB"},{"@type":["Person","Organization"],"@id":"https:\/\/bednarmilan.cz\/en\/#\/schema\/person\/4414fdceba4a6e05157f1e84a6ef0630","name":"Milan Bedn\u00e1\u0159","image":{"@type":"ImageObject","inLanguage":"en-GB","@id":"https:\/\/secure.gravatar.com\/avatar\/91880e7158b9968ad752b25fd2f3d85691559794a2b5077307de658ed6ac26fe?s=96&d=mm&r=g","url":"https:\/\/secure.gravatar.com\/avatar\/91880e7158b9968ad752b25fd2f3d85691559794a2b5077307de658ed6ac26fe?s=96&d=mm&r=g","contentUrl":"https:\/\/secure.gravatar.com\/avatar\/91880e7158b9968ad752b25fd2f3d85691559794a2b5077307de658ed6ac26fe?s=96&d=mm&r=g","caption":"Milan Bedn\u00e1\u0159"},"logo":{"@id":"https:\/\/secure.gravatar.com\/avatar\/91880e7158b9968ad752b25fd2f3d85691559794a2b5077307de658ed6ac26fe?s=96&d=mm&r=g"}}]}},"_links":{"self":[{"href":"http:\/\/bednarmilan.cz\/en\/wp-json\/wp\/v2\/posts\/720","targetHints":{"allow":["GET"]}}],"collection":[{"href":"http:\/\/bednarmilan.cz\/en\/wp-json\/wp\/v2\/posts"}],"about":[{"href":"http:\/\/bednarmilan.cz\/en\/wp-json\/wp\/v2\/types\/post"}],"author":[{"embeddable":true,"href":"http:\/\/bednarmilan.cz\/en\/wp-json\/wp\/v2\/users\/1"}],"replies":[{"embeddable":true,"href":"http:\/\/bednarmilan.cz\/en\/wp-json\/wp\/v2\/comments?post=720"}],"version-history":[{"count":3,"href":"http:\/\/bednarmilan.cz\/en\/wp-json\/wp\/v2\/posts\/720\/revisions"}],"predecessor-version":[{"id":726,"href":"http:\/\/bednarmilan.cz\/en\/wp-json\/wp\/v2\/posts\/720\/revisions\/726"}],"wp:featuredmedia":[{"embeddable":true,"href":"http:\/\/bednarmilan.cz\/en\/wp-json\/wp\/v2\/media\/723"}],"wp:attachment":[{"href":"http:\/\/bednarmilan.cz\/en\/wp-json\/wp\/v2\/media?parent=720"}],"wp:term":[{"taxonomy":"category","embeddable":true,"href":"http:\/\/bednarmilan.cz\/en\/wp-json\/wp\/v2\/categories?post=720"},{"taxonomy":"post_tag","embeddable":true,"href":"http:\/\/bednarmilan.cz\/en\/wp-json\/wp\/v2\/tags?post=720"}],"curies":[{"name":"wp","href":"https:\/\/api.w.org\/{rel}","templated":true}]}}