{"id":41,"count":1,"description":"","link":"https:\/\/bednarmilan.cz\/en\/tag\/evropsky-integracni-proces\/","name":"European Integration Process","slug":"evropsky-integracni-proces","taxonomy":"post_tag","meta":[],"yoast_head":"<!-- This site is optimized with the Yoast SEO plugin v27.5 - https:\/\/yoast.com\/product\/yoast-seo-wordpress\/ -->\n<title>Evropsk\u00fd integra\u010dn\u00ed proces Archivy - doc. Ing. Milan Bedn\u00e1\u0159, Ph.D.<\/title>\n<meta name=\"robots\" content=\"index, follow, max-snippet:-1, max-image-preview:large, max-video-preview:-1\" \/>\n<link rel=\"canonical\" href=\"https:\/\/bednarmilan.cz\/en\/tag\/evropsky-integracni-proces\/\" \/>\n<meta property=\"og:locale\" content=\"en_GB\" \/>\n<meta property=\"og:type\" content=\"article\" \/>\n<meta property=\"og:title\" content=\"Evropsk\u00fd integra\u010dn\u00ed proces Archivy - doc. Ing. Milan Bedn\u00e1\u0159, Ph.D.\" \/>\n<meta property=\"og:url\" content=\"https:\/\/bednarmilan.cz\/en\/tag\/evropsky-integracni-proces\/\" \/>\n<meta property=\"og:site_name\" content=\"doc. Ing. Milan Bedn\u00e1\u0159, Ph.D.\" \/>\n<meta name=\"twitter:card\" content=\"summary_large_image\" \/>\n<script type=\"application\/ld+json\" class=\"yoast-schema-graph\">{\"@context\":\"https:\\\/\\\/schema.org\",\"@graph\":[{\"@type\":\"CollectionPage\",\"@id\":\"https:\\\/\\\/bednarmilan.cz\\\/en\\\/tag\\\/evropsky-integracni-proces\\\/\",\"url\":\"https:\\\/\\\/bednarmilan.cz\\\/en\\\/tag\\\/evropsky-integracni-proces\\\/\",\"name\":\"Evropsk\u00fd integra\u010dn\u00ed proces Archivy - doc. Ing. Milan Bedn\u00e1\u0159, Ph.D.\",\"isPartOf\":{\"@id\":\"https:\\\/\\\/bednarmilan.cz\\\/en\\\/#website\"},\"breadcrumb\":{\"@id\":\"https:\\\/\\\/bednarmilan.cz\\\/en\\\/tag\\\/evropsky-integracni-proces\\\/#breadcrumb\"},\"inLanguage\":\"en-GB\"},{\"@type\":\"BreadcrumbList\",\"@id\":\"https:\\\/\\\/bednarmilan.cz\\\/en\\\/tag\\\/evropsky-integracni-proces\\\/#breadcrumb\",\"itemListElement\":[{\"@type\":\"ListItem\",\"position\":1,\"name\":\"Dom\u016f\",\"item\":\"https:\\\/\\\/bednarmilan.cz\\\/\"},{\"@type\":\"ListItem\",\"position\":2,\"name\":\"Evropsk\u00fd integra\u010dn\u00ed proces\"}]},{\"@type\":\"WebSite\",\"@id\":\"https:\\\/\\\/bednarmilan.cz\\\/en\\\/#website\",\"url\":\"https:\\\/\\\/bednarmilan.cz\\\/en\\\/\",\"name\":\"doc. Ing. Milan Bedn\u00e1\u0159, Ph.D.\",\"description\":\"\",\"publisher\":{\"@id\":\"https:\\\/\\\/bednarmilan.cz\\\/en\\\/#\\\/schema\\\/person\\\/4414fdceba4a6e05157f1e84a6ef0630\"},\"potentialAction\":[{\"@type\":\"SearchAction\",\"target\":{\"@type\":\"EntryPoint\",\"urlTemplate\":\"https:\\\/\\\/bednarmilan.cz\\\/en\\\/?s={search_term_string}\"},\"query-input\":{\"@type\":\"PropertyValueSpecification\",\"valueRequired\":true,\"valueName\":\"search_term_string\"}}],\"inLanguage\":\"en-GB\"},{\"@type\":[\"Person\",\"Organization\"],\"@id\":\"https:\\\/\\\/bednarmilan.cz\\\/en\\\/#\\\/schema\\\/person\\\/4414fdceba4a6e05157f1e84a6ef0630\",\"name\":\"Milan Bedn\u00e1\u0159\",\"image\":{\"@type\":\"ImageObject\",\"inLanguage\":\"en-GB\",\"@id\":\"https:\\\/\\\/secure.gravatar.com\\\/avatar\\\/91880e7158b9968ad752b25fd2f3d85691559794a2b5077307de658ed6ac26fe?s=96&d=mm&r=g\",\"url\":\"https:\\\/\\\/secure.gravatar.com\\\/avatar\\\/91880e7158b9968ad752b25fd2f3d85691559794a2b5077307de658ed6ac26fe?s=96&d=mm&r=g\",\"contentUrl\":\"https:\\\/\\\/secure.gravatar.com\\\/avatar\\\/91880e7158b9968ad752b25fd2f3d85691559794a2b5077307de658ed6ac26fe?s=96&d=mm&r=g\",\"caption\":\"Milan Bedn\u00e1\u0159\"},\"logo\":{\"@id\":\"https:\\\/\\\/secure.gravatar.com\\\/avatar\\\/91880e7158b9968ad752b25fd2f3d85691559794a2b5077307de658ed6ac26fe?s=96&d=mm&r=g\"}}]}<\/script>\n<!-- \/ Yoast SEO plugin. -->","yoast_head_json":{"title":"Evropsk\u00fd integra\u010dn\u00ed proces Archivy - doc. Ing. Milan Bedn\u00e1\u0159, Ph.D.","robots":{"index":"index","follow":"follow","max-snippet":"max-snippet:-1","max-image-preview":"max-image-preview:large","max-video-preview":"max-video-preview:-1"},"canonical":"https:\/\/bednarmilan.cz\/en\/tag\/evropsky-integracni-proces\/","og_locale":"en_GB","og_type":"article","og_title":"Evropsk\u00fd integra\u010dn\u00ed proces Archivy - doc. Ing. Milan Bedn\u00e1\u0159, Ph.D.","og_url":"https:\/\/bednarmilan.cz\/en\/tag\/evropsky-integracni-proces\/","og_site_name":"doc. Ing. Milan Bedn\u00e1\u0159, Ph.D.","twitter_card":"summary_large_image","schema":{"@context":"https:\/\/schema.org","@graph":[{"@type":"CollectionPage","@id":"https:\/\/bednarmilan.cz\/en\/tag\/evropsky-integracni-proces\/","url":"https:\/\/bednarmilan.cz\/en\/tag\/evropsky-integracni-proces\/","name":"Evropsk\u00fd integra\u010dn\u00ed proces Archivy - doc. Ing. Milan Bedn\u00e1\u0159, Ph.D.","isPartOf":{"@id":"https:\/\/bednarmilan.cz\/en\/#website"},"breadcrumb":{"@id":"https:\/\/bednarmilan.cz\/en\/tag\/evropsky-integracni-proces\/#breadcrumb"},"inLanguage":"en-GB"},{"@type":"BreadcrumbList","@id":"https:\/\/bednarmilan.cz\/en\/tag\/evropsky-integracni-proces\/#breadcrumb","itemListElement":[{"@type":"ListItem","position":1,"name":"Dom\u016f","item":"https:\/\/bednarmilan.cz\/"},{"@type":"ListItem","position":2,"name":"Evropsk\u00fd integra\u010dn\u00ed proces"}]},{"@type":"WebSite","@id":"https:\/\/bednarmilan.cz\/en\/#website","url":"https:\/\/bednarmilan.cz\/en\/","name":"doc. Ing. Milan Bedn\u00e1\u0159, Ph.D.","description":"","publisher":{"@id":"https:\/\/bednarmilan.cz\/en\/#\/schema\/person\/4414fdceba4a6e05157f1e84a6ef0630"},"potentialAction":[{"@type":"SearchAction","target":{"@type":"EntryPoint","urlTemplate":"https:\/\/bednarmilan.cz\/en\/?s={search_term_string}"},"query-input":{"@type":"PropertyValueSpecification","valueRequired":true,"valueName":"search_term_string"}}],"inLanguage":"en-GB"},{"@type":["Person","Organization"],"@id":"https:\/\/bednarmilan.cz\/en\/#\/schema\/person\/4414fdceba4a6e05157f1e84a6ef0630","name":"Milan Bedn\u00e1\u0159","image":{"@type":"ImageObject","inLanguage":"en-GB","@id":"https:\/\/secure.gravatar.com\/avatar\/91880e7158b9968ad752b25fd2f3d85691559794a2b5077307de658ed6ac26fe?s=96&d=mm&r=g","url":"https:\/\/secure.gravatar.com\/avatar\/91880e7158b9968ad752b25fd2f3d85691559794a2b5077307de658ed6ac26fe?s=96&d=mm&r=g","contentUrl":"https:\/\/secure.gravatar.com\/avatar\/91880e7158b9968ad752b25fd2f3d85691559794a2b5077307de658ed6ac26fe?s=96&d=mm&r=g","caption":"Milan Bedn\u00e1\u0159"},"logo":{"@id":"https:\/\/secure.gravatar.com\/avatar\/91880e7158b9968ad752b25fd2f3d85691559794a2b5077307de658ed6ac26fe?s=96&d=mm&r=g"}}]}},"_links":{"self":[{"href":"https:\/\/bednarmilan.cz\/en\/wp-json\/wp\/v2\/tags\/41","targetHints":{"allow":["GET"]}}],"collection":[{"href":"https:\/\/bednarmilan.cz\/en\/wp-json\/wp\/v2\/tags"}],"about":[{"href":"https:\/\/bednarmilan.cz\/en\/wp-json\/wp\/v2\/taxonomies\/post_tag"}],"wp:post_type":[{"href":"https:\/\/bednarmilan.cz\/en\/wp-json\/wp\/v2\/posts?tags=41"}],"curies":[{"name":"wp","href":"https:\/\/api.w.org\/{rel}","templated":true}]}}